{"id":7798,"date":"2019-02-04T17:28:59","date_gmt":"2019-02-04T17:28:59","guid":{"rendered":"http:\/\/blog.hakisa.com\/?p=7798"},"modified":"2019-07-22T09:52:39","modified_gmt":"2019-07-22T09:52:39","slug":"fondation-korian-barometre-bien-vieillir","status":"publish","type":"post","link":"https:\/\/www.hakisa.com\/fr\/blog\/fondation-korian-barometre-bien-vieillir\/","title":{"rendered":"Fondation Korian : infographie sur le bien-vieillir \u00e0 travers l\u2019Europe"},"content":{"rendered":"<p><span style=\"font-weight: 400\">La<b> Fondation Korian pour le bien-vieillir<\/b><span style=\"font-weight: 400\"> a r\u00e9alis\u00e9 en 2018 une infographie illustrant les r\u00e9sultats de son <\/span><b>3eme barom\u00e8tre europ\u00e9en<\/b><span style=\"font-weight: 400\">. Men\u00e9e aupr\u00e8s de <\/span><b>4 025 seniors<\/b><span style=\"font-weight: 400\"> de 65 ans et plus issus de quatre pays europ\u00e9ens &#8211; France, Allemagne, Italie et Belgique &#8211; cette \u00e9tude offre un autre regard sur les aspirations et besoins de nos a\u00een\u00e9s.<\/span><br \/>\n<\/span><\/p>\n<p>&nbsp;<\/p>\n<h2><span style=\"color: #ff7813\">La Fondation Korian pour le bien-vieillir<\/span><\/h2>\n<p><span style=\"font-weight: 400\">Initi\u00e9e par le Groupe Korian, la <\/span><a href=\"https:\/\/www.fondation-korian.com\/fr\"><b>Fondation Korian<\/b><\/a><span style=\"font-weight: 400\"> pour le bien-vieillir r\u00e9unit divers acteurs de la Silver \u00c9conomie et de la communaut\u00e9 scientifique afin de r\u00e9pondre aux enjeux du secteur. <\/span><\/p>\n<p><span style=\"font-weight: 400\">A l\u2019aide d\u2019\u00e9tudes cibl\u00e9es et approfondies en lien avec les probl\u00e9matiques du vieillissement, la Fondation s\u2019est donn\u00e9 pour objectif de produire des donn\u00e9es scientifiques<\/span><span style=\"font-weight: 400\"> en vue d\u2019<\/span><b>am\u00e9liorer le quotidien des seniors<\/b><span style=\"font-weight: 400\">. <\/span><span style=\"font-weight: 400\">(1)<\/span><\/p>\n<p>&nbsp;<\/p>\n<h2><span style=\"color: #ff7813\">Barom\u00e8tre du bien-vieillir europ\u00e9en<\/span><\/h2>\n<p><span style=\"font-weight: 400\">Le troisi\u00e8me barom\u00e8tre fait suite \u00e0 deux pr\u00e9c\u00e9dents parus respectivement en 2015 et 2016. <\/span><span style=\"font-weight: 400\">En plus de l\u2019\u00e9chantillon senior, le questionnaire du barom\u00e8tre 2018 a \u00e9galement \u00e9t\u00e9 soumis \u00e0 un \u00e9chantillon \u00e9quivalent repr\u00e9sentatif des 15-64 ans. Une nouvelle m\u00e9thode de recherche mettant au jour des perceptions diff\u00e9rentes du vieillissement selon les g\u00e9n\u00e9rations.<\/span><\/p>\n<p><span style=\"font-weight: 400\">Via la prise en compte de divers aspects de leur vie quotidienne (d\u00e9terminants du bien-\u00eatre, importance du digital comme outil de sociabilisation, etc.), l\u2019\u00e9tude Korian permet d\u2019illustrer de fa\u00e7on ludique l\u2019\u00e9tat d\u2019esprit des seniors d\u2019aujourd\u2019hui.<\/span><\/p>\n<p><span style=\"font-weight: 400\">Car mieux conna\u00eetre les seniors, c\u2019est pouvoir proposer des solutions mieux adapt\u00e9es \u00e0 leurs attentes, et ce, tout en favorisant les \u00e9changes interg\u00e9n\u00e9rationnels. \u00a0<\/span><\/p>\n<p><span style=\"font-weight: 400\">Initiatives citoyennes, projets de loi sur l\u2019autonomie 2019&#8230; les actions se multiplient dans cette optique afin de permettre \u00e0 une population senior croissante de conserver un r\u00f4le actif au sein de la soci\u00e9t\u00e9. \u00a0<\/span><\/p>\n<p>&nbsp;<\/p>\n<h2><span style=\"color: #ff7813\">Barom\u00e8tre 2018 : quelles tendances pour le bien-vieillir en Europe ? \u00a0<\/span><\/h2>\n<p><span style=\"font-weight: 400\">Avec <\/span><b>85% des 65 ans et plus satisfaits de leur vie<\/b><span style=\"font-weight: 400\">, les r\u00e9sultats r\u00e9v\u00e9l\u00e9s par le barom\u00e8tre Korian suivent une courbe globalement positive.\u00a0<\/span><span style=\"font-weight: 400\">Si <\/span><b>84%<\/b><span style=\"font-weight: 400\"> des seniors fran\u00e7ais se sentent consid\u00e9r\u00e9s par la soci\u00e9t\u00e9, <\/span><b>46%<\/b><span style=\"font-weight: 400\"> d\u2019entre eux admettent en revanche \u00eatre peu confiants dans l\u2019avenir &#8211; contre <\/span><b>66% <\/b><span style=\"font-weight: 400\">en Allemagne.<\/span><\/p>\n<p><span style=\"font-weight: 400\">L\u2019\u00e9tude permet par ailleurs de lever le voile sur certaines id\u00e9es re\u00e7ues sur la vieillesse : si seulement <\/span><b>48%<\/b><span style=\"font-weight: 400\"> des moins de 65 ans pensent que les a\u00een\u00e9s vivent bien leur \u00e2ge, ils sont au contraire <\/span><b>74%<\/b><span style=\"font-weight: 400\"> \u00e0 s\u2019estimer \u00e0 l\u2019aise dans leur quotidien. <\/span><\/p>\n<p><span style=\"font-weight: 400\">Le sentiment d\u2019utilit\u00e9 repr\u00e9sente un d\u00e9terminant central du bien-vieillir. Un sentiment fortement influenc\u00e9 par la disponibilit\u00e9 pour les proches, tout comme par la conservation de l\u2019autonomie et de l\u2019ind\u00e9pendance.\u00a0<\/span><span style=\"font-weight: 400\">Le num\u00e9rique occupe lui une place toujours plus importante aupr\u00e8s du public senior qui y reconna\u00eet un r\u00e9el outil d\u2019ouverture sur le monde. \u00a0\u00a0<\/span><\/p>\n<p>&nbsp;<\/p>\n<p><span style=\"font-weight: 400\">Pour davantage de d\u00e9tails sur le bien-vieillir en Europe, n\u2019h\u00e9sitez pas \u00e0 d\u00e9couvrir l\u2019infographie Korian ci-dessous.<\/span><\/p>\n<p>&nbsp;<\/p>\n<p>(1) www.Korian.fr<br \/>\n<a href=\"https:\/\/i0.wp.com\/blog.hakisa.com\/wp-content\/uploads\/2019\/02\/Infographie-Fondation-Korian-1.png\"><img loading=\"lazy\" decoding=\"async\" class=\"alignnone size-full wp-image-7805\" src=\"https:\/\/i0.wp.com\/blog.hakisa.com\/wp-content\/uploads\/2019\/02\/Infographie-Fondation-Korian-1.png?resize=640%2C3510\" alt=\"Infographie sur le bien vieillir en Europe\" width=\"640\" height=\"3510\" data-recalc-dims=\"1\" \/><\/a><\/p>\n","protected":false},"excerpt":{"rendered":"<p>La Fondation Korian pour le bien-vieillir a r\u00e9alis\u00e9 en 2018 une infographie illustrant les r\u00e9sultats de son 3eme barom\u00e8tre europ\u00e9en. Men\u00e9e aupr\u00e8s de 4 025 seniors de 65 ans et plus issus de quatre pays europ\u00e9ens &#8211; France, Allemagne, Italie et Belgique &#8211; cette \u00e9tude offre un autre regard sur les aspirations et besoins de<\/p>\n","protected":false},"author":6,"featured_media":7805,"comment_status":"open","ping_status":"open","sticky":false,"template":"","format":"standard","meta":{"footnotes":""},"categories":[361],"tags":[132,1302,133,134,1036,1303,1304,360,52,11],"yoast_head":"<!-- This site is optimized with the Yoast SEO plugin v24.5 - https:\/\/yoast.com\/wordpress\/plugins\/seo\/ -->\n<title>Fondation Korian : Barom\u00e8tre europ\u00e9en sur le bien-vieillir<\/title>\n<meta name=\"description\" content=\"La Fondation Korian pour le bien-vieillir a r\u00e9alis\u00e9 une infographie illustrant les r\u00e9sultats de son troisi\u00e8me Barom\u00e8tre europ\u00e9en.\" \/>\n<meta name=\"robots\" content=\"index, follow, max-snippet:-1, max-image-preview:large, max-video-preview:-1\" \/>\n<link rel=\"canonical\" href=\"https:\/\/www.hakisa.com\/fr\/blog\/fondation-korian-barometre-bien-vieillir\/\" \/>\n<meta property=\"og:locale\" content=\"fr_FR\" \/>\n<meta property=\"og:type\" content=\"article\" \/>\n<meta property=\"og:title\" content=\"Fondation Korian : Barom\u00e8tre europ\u00e9en sur le bien-vieillir\" \/>\n<meta property=\"og:description\" content=\"La Fondation Korian pour le bien-vieillir a r\u00e9alis\u00e9 une infographie illustrant les r\u00e9sultats de son troisi\u00e8me Barom\u00e8tre europ\u00e9en.\" \/>\n<meta property=\"og:url\" content=\"https:\/\/www.hakisa.com\/fr\/blog\/fondation-korian-barometre-bien-vieillir\/\" \/>\n<meta property=\"og:site_name\" content=\"Cr\u00e9ez votre plateforme de services socialement responsable\" \/>\n<meta property=\"article:publisher\" content=\"https:\/\/www.facebook.com\/Hakisa.fr\" \/>\n<meta property=\"article:published_time\" content=\"2019-02-04T17:28:59+00:00\" \/>\n<meta property=\"article:modified_time\" content=\"2019-07-22T09:52:39+00:00\" \/>\n<meta property=\"og:image\" content=\"https:\/\/i0.wp.com\/www.hakisa.com\/fr\/wp-content\/uploads\/sites\/1\/2019\/02\/Infographie-Fondation-Korian-1-1.png?fit=1654%2C9071&ssl=1\" \/>\n\t<meta property=\"og:image:width\" content=\"1654\" \/>\n\t<meta property=\"og:image:height\" content=\"9071\" \/>\n\t<meta property=\"og:image:type\" content=\"image\/png\" \/>\n<meta name=\"author\" content=\"adminfr\" \/>\n<meta name=\"twitter:card\" content=\"summary_large_image\" \/>\n<meta name=\"twitter:creator\" content=\"@HakisaTeam\" \/>\n<meta name=\"twitter:site\" content=\"@HakisaTeam\" \/>\n<meta name=\"twitter:label1\" content=\"\u00c9crit par\" \/>\n\t<meta name=\"twitter:data1\" content=\"adminfr\" \/>\n\t<meta name=\"twitter:label2\" content=\"Dur\u00e9e de lecture estim\u00e9e\" \/>\n\t<meta name=\"twitter:data2\" content=\"3 minutes\" \/>\n<script type=\"application\/ld+json\" class=\"yoast-schema-graph\">{\"@context\":\"https:\/\/schema.org\",\"@graph\":[{\"@type\":\"Article\",\"@id\":\"https:\/\/www.hakisa.com\/fr\/blog\/fondation-korian-barometre-bien-vieillir\/#article\",\"isPartOf\":{\"@id\":\"https:\/\/www.hakisa.com\/fr\/blog\/fondation-korian-barometre-bien-vieillir\/\"},\"author\":{\"name\":\"adminfr\",\"@id\":\"https:\/\/www.hakisa.com\/fr\/#\/schema\/person\/79fe95b177c61ced1d9d5151bfbd8f59\"},\"headline\":\"Fondation Korian : infographie sur le bien-vieillir \u00e0 travers l\u2019Europe\",\"datePublished\":\"2019-02-04T17:28:59+00:00\",\"dateModified\":\"2019-07-22T09:52:39+00:00\",\"mainEntityOfPage\":{\"@id\":\"https:\/\/www.hakisa.com\/fr\/blog\/fondation-korian-barometre-bien-vieillir\/\"},\"wordCount\":519,\"commentCount\":0,\"publisher\":{\"@id\":\"https:\/\/www.hakisa.com\/fr\/#organization\"},\"image\":{\"@id\":\"https:\/\/www.hakisa.com\/fr\/blog\/fondation-korian-barometre-bien-vieillir\/#primaryimage\"},\"thumbnailUrl\":\"https:\/\/i0.wp.com\/www.hakisa.com\/fr\/wp-content\/uploads\/sites\/1\/2019\/02\/Infographie-Fondation-Korian-1-1.png?fit=1654%2C9071&ssl=1\",\"keywords\":[\"autonomie\",\"Barom\u00e9tre europ\u00e9en\",\"bien-\u00eatre\",\"bien-veillir\",\"digital\",\"Fondation Korian\",\"Ind\u00e9pendance\",\"Infographie\",\"Nouvelles Technologies\",\"S\u00e9niors\"],\"articleSection\":[\"Infographie\"],\"inLanguage\":\"fr-FR\",\"potentialAction\":[{\"@type\":\"CommentAction\",\"name\":\"Comment\",\"target\":[\"https:\/\/www.hakisa.com\/fr\/blog\/fondation-korian-barometre-bien-vieillir\/#respond\"]}]},{\"@type\":\"WebPage\",\"@id\":\"https:\/\/www.hakisa.com\/fr\/blog\/fondation-korian-barometre-bien-vieillir\/\",\"url\":\"https:\/\/www.hakisa.com\/fr\/blog\/fondation-korian-barometre-bien-vieillir\/\",\"name\":\"Fondation Korian : Barom\u00e8tre europ\u00e9en sur le bien-vieillir\",\"isPartOf\":{\"@id\":\"https:\/\/www.hakisa.com\/fr\/#website\"},\"primaryImageOfPage\":{\"@id\":\"https:\/\/www.hakisa.com\/fr\/blog\/fondation-korian-barometre-bien-vieillir\/#primaryimage\"},\"image\":{\"@id\":\"https:\/\/www.hakisa.com\/fr\/blog\/fondation-korian-barometre-bien-vieillir\/#primaryimage\"},\"thumbnailUrl\":\"https:\/\/i0.wp.com\/www.hakisa.com\/fr\/wp-content\/uploads\/sites\/1\/2019\/02\/Infographie-Fondation-Korian-1-1.png?fit=1654%2C9071&ssl=1\",\"datePublished\":\"2019-02-04T17:28:59+00:00\",\"dateModified\":\"2019-07-22T09:52:39+00:00\",\"description\":\"La Fondation Korian pour le bien-vieillir a r\u00e9alis\u00e9 une infographie illustrant les r\u00e9sultats de son troisi\u00e8me Barom\u00e8tre europ\u00e9en.\",\"breadcrumb\":{\"@id\":\"https:\/\/www.hakisa.com\/fr\/blog\/fondation-korian-barometre-bien-vieillir\/#breadcrumb\"},\"inLanguage\":\"fr-FR\",\"potentialAction\":[{\"@type\":\"ReadAction\",\"target\":[\"https:\/\/www.hakisa.com\/fr\/blog\/fondation-korian-barometre-bien-vieillir\/\"]}]},{\"@type\":\"ImageObject\",\"inLanguage\":\"fr-FR\",\"@id\":\"https:\/\/www.hakisa.com\/fr\/blog\/fondation-korian-barometre-bien-vieillir\/#primaryimage\",\"url\":\"https:\/\/i0.wp.com\/www.hakisa.com\/fr\/wp-content\/uploads\/sites\/1\/2019\/02\/Infographie-Fondation-Korian-1-1.png?fit=1654%2C9071&ssl=1\",\"contentUrl\":\"https:\/\/i0.wp.com\/www.hakisa.com\/fr\/wp-content\/uploads\/sites\/1\/2019\/02\/Infographie-Fondation-Korian-1-1.png?fit=1654%2C9071&ssl=1\",\"width\":1654,\"height\":9071,\"caption\":\"Infographie r\u00e9alis\u00e9e par la Fondation Korian sur le bien vieillir en Europe\"},{\"@type\":\"BreadcrumbList\",\"@id\":\"https:\/\/www.hakisa.com\/fr\/blog\/fondation-korian-barometre-bien-vieillir\/#breadcrumb\",\"itemListElement\":[{\"@type\":\"ListItem\",\"position\":1,\"name\":\"Accueil\",\"item\":\"https:\/\/www.hakisa.com\/fr\/\"},{\"@type\":\"ListItem\",\"position\":2,\"name\":\"Fondation Korian : infographie sur le bien-vieillir \u00e0 travers l\u2019Europe\"}]},{\"@type\":\"WebSite\",\"@id\":\"https:\/\/www.hakisa.com\/fr\/#website\",\"url\":\"https:\/\/www.hakisa.com\/fr\/\",\"name\":\"Cr\u00e9ez votre plateforme de services socialement responsable\",\"description\":\"\",\"publisher\":{\"@id\":\"https:\/\/www.hakisa.com\/fr\/#organization\"},\"potentialAction\":[{\"@type\":\"SearchAction\",\"target\":{\"@type\":\"EntryPoint\",\"urlTemplate\":\"https:\/\/www.hakisa.com\/fr\/?s={search_term_string}\"},\"query-input\":{\"@type\":\"PropertyValueSpecification\",\"valueRequired\":true,\"valueName\":\"search_term_string\"}}],\"inLanguage\":\"fr-FR\"},{\"@type\":\"Organization\",\"@id\":\"https:\/\/www.hakisa.com\/fr\/#organization\",\"name\":\"Hakisa\",\"url\":\"https:\/\/www.hakisa.com\/fr\/\",\"logo\":{\"@type\":\"ImageObject\",\"inLanguage\":\"fr-FR\",\"@id\":\"https:\/\/www.hakisa.com\/fr\/#\/schema\/logo\/image\/\",\"url\":\"https:\/\/i0.wp.com\/www.hakisa.com\/wp-content\/uploads\/2019\/04\/logohakisa.png?fit=385%2C95&ssl=1\",\"contentUrl\":\"https:\/\/i0.wp.com\/www.hakisa.com\/wp-content\/uploads\/2019\/04\/logohakisa.png?fit=385%2C95&ssl=1\",\"width\":385,\"height\":95,\"caption\":\"Hakisa\"},\"image\":{\"@id\":\"https:\/\/www.hakisa.com\/fr\/#\/schema\/logo\/image\/\"},\"sameAs\":[\"https:\/\/www.facebook.com\/Hakisa.fr\",\"https:\/\/x.com\/HakisaTeam\",\"https:\/\/www.linkedin.com\/company\/hakisa\",\"https:\/\/www.youtube.com\/channel\/UCMuN-43nW8_F4zFz5IQuXMg\"]},{\"@type\":\"Person\",\"@id\":\"https:\/\/www.hakisa.com\/fr\/#\/schema\/person\/79fe95b177c61ced1d9d5151bfbd8f59\",\"name\":\"adminfr\",\"image\":{\"@type\":\"ImageObject\",\"inLanguage\":\"fr-FR\",\"@id\":\"https:\/\/www.hakisa.com\/fr\/#\/schema\/person\/image\/\",\"url\":\"https:\/\/secure.gravatar.com\/avatar\/d49fbaa8664e8f2787edf461d9727f4c?s=96&d=blank&r=g\",\"contentUrl\":\"https:\/\/secure.gravatar.com\/avatar\/d49fbaa8664e8f2787edf461d9727f4c?s=96&d=blank&r=g\",\"caption\":\"adminfr\"},\"url\":\"https:\/\/www.hakisa.com\/fr\/blog\/author\/adminfr\/\"}]}<\/script>\n<!-- \/ Yoast SEO plugin. -->","yoast_head_json":{"title":"Fondation Korian : Barom\u00e8tre europ\u00e9en sur le bien-vieillir","description":"La Fondation Korian pour le bien-vieillir a r\u00e9alis\u00e9 une infographie illustrant les r\u00e9sultats de son troisi\u00e8me Barom\u00e8tre europ\u00e9en.","robots":{"index":"index","follow":"follow","max-snippet":"max-snippet:-1","max-image-preview":"max-image-preview:large","max-video-preview":"max-video-preview:-1"},"canonical":"https:\/\/www.hakisa.com\/fr\/blog\/fondation-korian-barometre-bien-vieillir\/","og_locale":"fr_FR","og_type":"article","og_title":"Fondation Korian : Barom\u00e8tre europ\u00e9en sur le bien-vieillir","og_description":"La Fondation Korian pour le bien-vieillir a r\u00e9alis\u00e9 une infographie illustrant les r\u00e9sultats de son troisi\u00e8me Barom\u00e8tre europ\u00e9en.","og_url":"https:\/\/www.hakisa.com\/fr\/blog\/fondation-korian-barometre-bien-vieillir\/","og_site_name":"Cr\u00e9ez votre plateforme de services socialement responsable","article_publisher":"https:\/\/www.facebook.com\/Hakisa.fr","article_published_time":"2019-02-04T17:28:59+00:00","article_modified_time":"2019-07-22T09:52:39+00:00","og_image":[{"width":1654,"height":9071,"url":"https:\/\/i0.wp.com\/www.hakisa.com\/fr\/wp-content\/uploads\/sites\/1\/2019\/02\/Infographie-Fondation-Korian-1-1.png?fit=1654%2C9071&ssl=1","type":"image\/png"}],"author":"adminfr","twitter_card":"summary_large_image","twitter_creator":"@HakisaTeam","twitter_site":"@HakisaTeam","twitter_misc":{"\u00c9crit par":"adminfr","Dur\u00e9e de lecture estim\u00e9e":"3 minutes"},"schema":{"@context":"https:\/\/schema.org","@graph":[{"@type":"Article","@id":"https:\/\/www.hakisa.com\/fr\/blog\/fondation-korian-barometre-bien-vieillir\/#article","isPartOf":{"@id":"https:\/\/www.hakisa.com\/fr\/blog\/fondation-korian-barometre-bien-vieillir\/"},"author":{"name":"adminfr","@id":"https:\/\/www.hakisa.com\/fr\/#\/schema\/person\/79fe95b177c61ced1d9d5151bfbd8f59"},"headline":"Fondation Korian : infographie sur le bien-vieillir \u00e0 travers l\u2019Europe","datePublished":"2019-02-04T17:28:59+00:00","dateModified":"2019-07-22T09:52:39+00:00","mainEntityOfPage":{"@id":"https:\/\/www.hakisa.com\/fr\/blog\/fondation-korian-barometre-bien-vieillir\/"},"wordCount":519,"commentCount":0,"publisher":{"@id":"https:\/\/www.hakisa.com\/fr\/#organization"},"image":{"@id":"https:\/\/www.hakisa.com\/fr\/blog\/fondation-korian-barometre-bien-vieillir\/#primaryimage"},"thumbnailUrl":"https:\/\/i0.wp.com\/www.hakisa.com\/fr\/wp-content\/uploads\/sites\/1\/2019\/02\/Infographie-Fondation-Korian-1-1.png?fit=1654%2C9071&ssl=1","keywords":["autonomie","Barom\u00e9tre europ\u00e9en","bien-\u00eatre","bien-veillir","digital","Fondation Korian","Ind\u00e9pendance","Infographie","Nouvelles Technologies","S\u00e9niors"],"articleSection":["Infographie"],"inLanguage":"fr-FR","potentialAction":[{"@type":"CommentAction","name":"Comment","target":["https:\/\/www.hakisa.com\/fr\/blog\/fondation-korian-barometre-bien-vieillir\/#respond"]}]},{"@type":"WebPage","@id":"https:\/\/www.hakisa.com\/fr\/blog\/fondation-korian-barometre-bien-vieillir\/","url":"https:\/\/www.hakisa.com\/fr\/blog\/fondation-korian-barometre-bien-vieillir\/","name":"Fondation Korian : Barom\u00e8tre europ\u00e9en sur le bien-vieillir","isPartOf":{"@id":"https:\/\/www.hakisa.com\/fr\/#website"},"primaryImageOfPage":{"@id":"https:\/\/www.hakisa.com\/fr\/blog\/fondation-korian-barometre-bien-vieillir\/#primaryimage"},"image":{"@id":"https:\/\/www.hakisa.com\/fr\/blog\/fondation-korian-barometre-bien-vieillir\/#primaryimage"},"thumbnailUrl":"https:\/\/i0.wp.com\/www.hakisa.com\/fr\/wp-content\/uploads\/sites\/1\/2019\/02\/Infographie-Fondation-Korian-1-1.png?fit=1654%2C9071&ssl=1","datePublished":"2019-02-04T17:28:59+00:00","dateModified":"2019-07-22T09:52:39+00:00","description":"La Fondation Korian pour le bien-vieillir a r\u00e9alis\u00e9 une infographie illustrant les r\u00e9sultats de son troisi\u00e8me Barom\u00e8tre europ\u00e9en.","breadcrumb":{"@id":"https:\/\/www.hakisa.com\/fr\/blog\/fondation-korian-barometre-bien-vieillir\/#breadcrumb"},"inLanguage":"fr-FR","potentialAction":[{"@type":"ReadAction","target":["https:\/\/www.hakisa.com\/fr\/blog\/fondation-korian-barometre-bien-vieillir\/"]}]},{"@type":"ImageObject","inLanguage":"fr-FR","@id":"https:\/\/www.hakisa.com\/fr\/blog\/fondation-korian-barometre-bien-vieillir\/#primaryimage","url":"https:\/\/i0.wp.com\/www.hakisa.com\/fr\/wp-content\/uploads\/sites\/1\/2019\/02\/Infographie-Fondation-Korian-1-1.png?fit=1654%2C9071&ssl=1","contentUrl":"https:\/\/i0.wp.com\/www.hakisa.com\/fr\/wp-content\/uploads\/sites\/1\/2019\/02\/Infographie-Fondation-Korian-1-1.png?fit=1654%2C9071&ssl=1","width":1654,"height":9071,"caption":"Infographie r\u00e9alis\u00e9e par la Fondation Korian sur le bien vieillir en Europe"},{"@type":"BreadcrumbList","@id":"https:\/\/www.hakisa.com\/fr\/blog\/fondation-korian-barometre-bien-vieillir\/#breadcrumb","itemListElement":[{"@type":"ListItem","position":1,"name":"Accueil","item":"https:\/\/www.hakisa.com\/fr\/"},{"@type":"ListItem","position":2,"name":"Fondation Korian : infographie sur le bien-vieillir \u00e0 travers l\u2019Europe"}]},{"@type":"WebSite","@id":"https:\/\/www.hakisa.com\/fr\/#website","url":"https:\/\/www.hakisa.com\/fr\/","name":"Cr\u00e9ez votre plateforme de services socialement responsable","description":"","publisher":{"@id":"https:\/\/www.hakisa.com\/fr\/#organization"},"potentialAction":[{"@type":"SearchAction","target":{"@type":"EntryPoint","urlTemplate":"https:\/\/www.hakisa.com\/fr\/?s={search_term_string}"},"query-input":{"@type":"PropertyValueSpecification","valueRequired":true,"valueName":"search_term_string"}}],"inLanguage":"fr-FR"},{"@type":"Organization","@id":"https:\/\/www.hakisa.com\/fr\/#organization","name":"Hakisa","url":"https:\/\/www.hakisa.com\/fr\/","logo":{"@type":"ImageObject","inLanguage":"fr-FR","@id":"https:\/\/www.hakisa.com\/fr\/#\/schema\/logo\/image\/","url":"https:\/\/i0.wp.com\/www.hakisa.com\/wp-content\/uploads\/2019\/04\/logohakisa.png?fit=385%2C95&ssl=1","contentUrl":"https:\/\/i0.wp.com\/www.hakisa.com\/wp-content\/uploads\/2019\/04\/logohakisa.png?fit=385%2C95&ssl=1","width":385,"height":95,"caption":"Hakisa"},"image":{"@id":"https:\/\/www.hakisa.com\/fr\/#\/schema\/logo\/image\/"},"sameAs":["https:\/\/www.facebook.com\/Hakisa.fr","https:\/\/x.com\/HakisaTeam","https:\/\/www.linkedin.com\/company\/hakisa","https:\/\/www.youtube.com\/channel\/UCMuN-43nW8_F4zFz5IQuXMg"]},{"@type":"Person","@id":"https:\/\/www.hakisa.com\/fr\/#\/schema\/person\/79fe95b177c61ced1d9d5151bfbd8f59","name":"adminfr","image":{"@type":"ImageObject","inLanguage":"fr-FR","@id":"https:\/\/www.hakisa.com\/fr\/#\/schema\/person\/image\/","url":"https:\/\/secure.gravatar.com\/avatar\/d49fbaa8664e8f2787edf461d9727f4c?s=96&d=blank&r=g","contentUrl":"https:\/\/secure.gravatar.com\/avatar\/d49fbaa8664e8f2787edf461d9727f4c?s=96&d=blank&r=g","caption":"adminfr"},"url":"https:\/\/www.hakisa.com\/fr\/blog\/author\/adminfr\/"}]}},"amp_enabled":true,"_links":{"self":[{"href":"https:\/\/www.hakisa.com\/fr\/wp-json\/wp\/v2\/posts\/7798"}],"collection":[{"href":"https:\/\/www.hakisa.com\/fr\/wp-json\/wp\/v2\/posts"}],"about":[{"href":"https:\/\/www.hakisa.com\/fr\/wp-json\/wp\/v2\/types\/post"}],"author":[{"embeddable":true,"href":"https:\/\/www.hakisa.com\/fr\/wp-json\/wp\/v2\/users\/6"}],"replies":[{"embeddable":true,"href":"https:\/\/www.hakisa.com\/fr\/wp-json\/wp\/v2\/comments?post=7798"}],"version-history":[{"count":1,"href":"https:\/\/www.hakisa.com\/fr\/wp-json\/wp\/v2\/posts\/7798\/revisions"}],"predecessor-version":[{"id":10589,"href":"https:\/\/www.hakisa.com\/fr\/wp-json\/wp\/v2\/posts\/7798\/revisions\/10589"}],"wp:featuredmedia":[{"embeddable":true,"href":"https:\/\/www.hakisa.com\/fr\/wp-json\/wp\/v2\/media\/7805"}],"wp:attachment":[{"href":"https:\/\/www.hakisa.com\/fr\/wp-json\/wp\/v2\/media?parent=7798"}],"wp:term":[{"taxonomy":"category","embeddable":true,"href":"https:\/\/www.hakisa.com\/fr\/wp-json\/wp\/v2\/categories?post=7798"},{"taxonomy":"post_tag","embeddable":true,"href":"https:\/\/www.hakisa.com\/fr\/wp-json\/wp\/v2\/tags?post=7798"}],"curies":[{"name":"wp","href":"https:\/\/api.w.org\/{rel}","templated":true}]}}