{"id":11348,"date":"2020-01-09T08:21:09","date_gmt":"2020-01-09T08:21:09","guid":{"rendered":"https:\/\/www.hakisa.com\/?p=11348"},"modified":"2020-01-10T08:32:05","modified_gmt":"2020-01-10T08:32:05","slug":"hakisa-collaborateurs-morgane","status":"publish","type":"post","link":"https:\/\/www.hakisa.com\/fr\/blog\/hakisa-collaborateurs-morgane\/","title":{"rendered":"[Portrait de collaborateur] Morgane : le cam\u00e9l\u00e9on biculturel"},"content":{"rendered":"<p><span style=\"font-weight: 400\">Hakisa, c\u2019est avant tout une \u00e9quipe internationale qui s\u2019engage au quotidien pour une utilisation sociale et responsable des nouvelles technologies. De leurs parcours \u00e0 leurs motivations, en passant par leurs missions quotidiennes, d\u00e9couvrez les portraits de nos collaborateurs.\u00a0<\/span><\/p>\n<p><span style=\"font-weight: 400\">Apr\u00e8s le portrait de <\/span><a href=\"https:\/\/www.hakisa.com\/blog\/portrait-collaborateur-thomas\/\"><span style=\"font-weight: 400\">Thomas<\/span><\/a><span style=\"font-weight: 400\">, notre responsable R&amp;D, c\u2019est aujourd&rsquo;hui au tour de Morgane de nous en dire plus sur son parcours, ses motivations et ses missions.\u00a0<\/span><\/p>\n<p><span style=\"font-weight: 400\">Morgane, charg\u00e9e de projet pour Hakisa GmbH \u00e0 Schwabach (Allemagne) depuis plusieurs mois jongle entre la communication, le marketing et la gestion de projets clients. D\u00e9crite comme \u00e9tant une personne impliqu\u00e9e, dr\u00f4le et motiv\u00e9e dans chaque projet sur lequel elle travaille, d\u00e9couvrez-en plus sur elle au travers de son interview !\u00a0<\/span><\/p>\n<p><img loading=\"lazy\" decoding=\"async\" class=\"wp-image-11359 alignleft\" src=\"https:\/\/i0.wp.com\/www.hakisa.com\/wp-content\/uploads\/2020\/01\/Portrait-collaborateurs-Hakisa-Morgane-450x450.gif?resize=342%2C343&#038;ssl=1\" alt=\"Portrait collaborateurs Hakisa - Morgane\" width=\"342\" height=\"343\" srcset=\"https:\/\/i0.wp.com\/www.hakisa.com\/fr\/wp-content\/uploads\/sites\/1\/2020\/01\/Portrait-collaborateurs-Hakisa-Morgane.gif?resize=450%2C450&amp;ssl=1 450w, https:\/\/i0.wp.com\/www.hakisa.com\/fr\/wp-content\/uploads\/sites\/1\/2020\/01\/Portrait-collaborateurs-Hakisa-Morgane.gif?resize=150%2C150&amp;ssl=1 150w\" sizes=\"(max-width: 342px) 100vw, 342px\" data-recalc-dims=\"1\" \/><\/p>\n<p style=\"text-align: left\"><span style=\"color: #ff7813;font-size: 18pt\"><b>Bonjour Morgane, pourrais-tu nous en dire un peu plus sur toi ?<\/b><\/span><\/p>\n<blockquote><p>\u201cJe m\u2019appelle Morgane, j&rsquo;ai 25 ans, et j&rsquo;ai un peu de mal \u00e0 dire d&rsquo;o\u00f9 je viens. Je suis n\u00e9e en Corr\u00e8ze, j\u2019ai grandi \u00e0 Nantes et en l&rsquo;espace de 6 ans d\u2019\u00e9tudes sup\u00e9rieures j\u2019ai v\u00e9cu dans 7 villes diff\u00e9rentes. Aujourd\u2019hui je consid\u00e8re la Bavi\u00e8re Allemande comme mon \u201cHeimat\u201d (ma maison, en allemand). Depuis que j&rsquo;y ai mis les pieds en octobre 2015, c&rsquo;est \u00e0 Eichst\u00e4tt, o\u00f9 j&rsquo;ai \u00e9tudi\u00e9 pendant deux ans et o\u00f9 je vis actuellement, que je me sens chez moi.\u201d<\/p>\n<p>&nbsp;<\/p><\/blockquote>\n<p style=\"text-align: left\"><span style=\"color: #ff7813;font-size: 18pt\"><b>Quel a \u00e9t\u00e9 ton parcours avant d\u2019arriver chez Hakisa ?<\/b><\/span><\/p>\n<blockquote><p>\u201cApr\u00e8s mon baccalaur\u00e9at j\u2019ai fait une ann\u00e9e de pr\u00e9pa litt\u00e9raire. Suivi d\u2019un double cursus de deux ans en sciences politiques \u00e0 Rennes et j\u2019ai fini la formation \u00e0 Eichst\u00e4tt en Allemagne. J\u2019ai voulu termin\u00e9 mes \u00e9tudes par un Master 2 \u201cMarketing et \u00e9v\u00e9nementiel\u201d \u00e0 l\u2019Ecole de Management de Strasbourg, en alternance \u00e0 Reims en tant qu\u2019Assistante responsable \u00e9v\u00e9nements dans l\u2019organisation de salons grand public.<\/p>\n<p>A la fin de mes \u00e9tudes j\u2019ai ensuite eu l\u2019opportunit\u00e9 de trouver une offre en VIE \u00e0 Schwabach (pr\u00e8s de Nuremberg), chez Hakisa. L\u2019Allemagne me manquait beaucoup, j\u2019ai donc \u00e9t\u00e9 ravie de pouvoir y retourner parce que la culture du pays me correspond bien.\u201d<\/p>\n<p>&nbsp;<\/p><\/blockquote>\n<p style=\"text-align: left\"><span style=\"color: #ff7813;font-size: 18pt\"><b>Pourquoi aimes-tu travailler chez Hakisa ?<\/b><\/span><\/p>\n<blockquote><p>\u201cPour commencer, le poste est en Allemagne, et c\u2019est avant tout ce que je cherchais. Ensuite, pour le domaine des nouvelles technologies que je ne connaissais pas avant de venir chez Hakisa et que je trouve passionnant. Enfin, la chose qui me motive le plus chez Hakisa ce sont les projets, qui sont tous tr\u00e8s diff\u00e9rents, et le fait que je d\u00e9couvre tous les jours de nouveaux aspects de la technologie.\u201d<\/p>\n<p>&nbsp;<\/p><\/blockquote>\n<p style=\"text-align: left\"><span style=\"color: #ff7813;font-size: 18pt\"><b>Quel est ton r\u00f4le chez Hakisa ?<\/b><\/span><\/p>\n<blockquote><p>\u201c<i><span style=\"font-weight: 400\">Je suis en charge du suivi des projets clients, notamment sur les questions pratiques li\u00e9es \u00e0 l\u2019utilisation de la plateforme, ainsi que du marketing en Allemagne avec des missions tr\u00e8s diverses allant de la veille de march\u00e9 \u00e0 la r\u00e9daction et traduction d\u2019articles en passant par la gestion du site internet et des comptes r\u00e9seaux sociaux.<\/span><\/i><br \/>\nJ\u2019aime beaucoup ce que je fais car la poste est tr\u00e8s polyvalent. J\u2019appr\u00e9cie \u00e9galement la collaboration avec tous les membres de l\u2019\u00e9quipe, que ce soit en Allemagne ou en France, mais aussi l\u2019autonomie qui m\u2019est accord\u00e9e dans une structure qui reste \u00e0 taille humaine.\u201d<\/p>\n<p>&nbsp;<\/p><\/blockquote>\n<p style=\"text-align: left\"><span style=\"color: #ff7813;font-size: 18pt\"><b>Si tu \u00e9tais une fonctionnalit\u00e9 ou une caract\u00e9ristique de la plateforme Hakisa, laquelle serais-tu ?<\/b><\/span><\/p>\n<blockquote><p>\u201cJe serais le \u201cRSS Feed\u201d, la fonctionnalit\u00e9 qui permet aux animateurs de clubs de publier automatiquement du contenu au sein de leur communaut\u00e9. C\u2019est une fonctionnalit\u00e9 tr\u00e8s pratique car elle permet de faciliter l\u2019animation d\u2019un club via la publication automatique de contenus provenant par exemple d\u2019un blog.\u201d<\/p>\n<p>&nbsp;<\/p><\/blockquote>\n<p style=\"text-align: left\"><span style=\"color: #ff7813;font-size: 18pt\"><b>Quelles sont les personnes indispensables dans ton \u00e9quipe ?<\/b><\/span><\/p>\n<blockquote><p>\u201cHakisa est une petite \u00e9quipe, donc chaque personne est importante ! Personnellement je suis amen\u00e9e \u00e0 travailler avec tout le monde, en Allemagne et en France.<br \/>\nEn Allemagne je travaille surtout en bin\u00f4me avec Max. C\u2019est avec lui que je vais voir les clients et nous travaillons ensemble sur toute la partie gestion de projets.<br \/>\nPour ce qui est de la partie fran\u00e7aise de l\u2019\u00e9quipe, je travaille beaucoup avec Violine pour coordonner la communication et le marketing en Allemagne. C\u2019est un vrai travail de groupe !\u201d<\/p>\n<p>&nbsp;<\/p><\/blockquote>\n<p style=\"text-align: left\"><span style=\"color: #ff7813;font-size: 18pt\"><b>Merci Morgane !<\/b><\/span><\/p>\n<p>Les autres membres de l\u2019\u00e9quipe se pr\u00e9sentent sur notre blog ! Prochainement, ce sera au tour de Nicolas, d\u00e9veloppeur Back-End de se pr\u00eater au jeu.<\/p>\n<p>Pour en apprendre davantage sur notre <a href=\"https:\/\/www.hakisa.com\/societe\/\">\u00e9quipe<\/a> et sur la <a href=\"https:\/\/www.hakisa.com\/solutions\/\">technologie<\/a> Hakisa, visitez les pages d\u00e9di\u00e9es de notre site ou <a href=\"mailto:contact@hakisa.com\">contactez-nous<\/a> !<\/p>\n","protected":false},"excerpt":{"rendered":"<p>Hakisa, c\u2019est avant tout une \u00e9quipe internationale qui s\u2019engage au quotidien pour une utilisation sociale et responsable des nouvelles technologies. De leurs parcours \u00e0 leurs motivations, en passant par leurs missions quotidiennes, d\u00e9couvrez les portraits de nos collaborateurs.\u00a0 Apr\u00e8s le portrait de Thomas, notre responsable R&amp;D, c\u2019est aujourd&rsquo;hui au tour de Morgane de nous en<\/p>\n","protected":false},"author":6,"featured_media":11366,"comment_status":"open","ping_status":"open","sticky":false,"template":"","format":"standard","meta":{"footnotes":""},"categories":[2],"tags":[1338,1359,1361,5,1210,1373,1365,1363],"yoast_head":"<!-- This site is optimized with the Yoast SEO plugin v24.5 - https:\/\/yoast.com\/wordpress\/plugins\/seo\/ -->\n<title>Portrait des collaborateurs Hakisa - Morgane : le cam\u00e9l\u00e9on biculturel<\/title>\n<meta name=\"description\" content=\"Apr\u00e8s le portrait de Thomas, responsable R&amp;D, c\u2019est aujourd&#039;hui au tour de Morgane, charg\u00e9e de projets chez Hakisa GmbH de nous en dire plus sur elle.\" \/>\n<meta name=\"robots\" content=\"index, follow, max-snippet:-1, max-image-preview:large, max-video-preview:-1\" \/>\n<link rel=\"canonical\" href=\"https:\/\/www.hakisa.com\/fr\/blog\/hakisa-collaborateurs-morgane\/\" \/>\n<meta property=\"og:locale\" content=\"fr_FR\" \/>\n<meta property=\"og:type\" content=\"article\" \/>\n<meta property=\"og:title\" content=\"Portrait des collaborateurs Hakisa - Morgane : le cam\u00e9l\u00e9on biculturel\" \/>\n<meta property=\"og:description\" content=\"Apr\u00e8s le portrait de Thomas, responsable R&amp;D, c\u2019est aujourd&#039;hui au tour de Morgane, charg\u00e9e de projets chez Hakisa GmbH de nous en dire plus sur elle.\" \/>\n<meta property=\"og:url\" content=\"https:\/\/www.hakisa.com\/fr\/blog\/hakisa-collaborateurs-morgane\/\" \/>\n<meta property=\"og:site_name\" content=\"Cr\u00e9ez votre plateforme de services socialement responsable\" \/>\n<meta property=\"article:publisher\" content=\"https:\/\/www.facebook.com\/Hakisa.fr\" \/>\n<meta property=\"article:published_time\" content=\"2020-01-09T08:21:09+00:00\" \/>\n<meta property=\"article:modified_time\" content=\"2020-01-10T08:32:05+00:00\" \/>\n<meta property=\"og:image\" content=\"https:\/\/i0.wp.com\/www.hakisa.com\/fr\/wp-content\/uploads\/sites\/1\/2020\/01\/ezgif.com-video-to-gif-5.gif?fit=600%2C600&ssl=1\" \/>\n\t<meta property=\"og:image:width\" content=\"600\" \/>\n\t<meta property=\"og:image:height\" content=\"600\" \/>\n\t<meta property=\"og:image:type\" content=\"image\/gif\" \/>\n<meta name=\"author\" content=\"adminfr\" \/>\n<meta name=\"twitter:card\" content=\"summary_large_image\" \/>\n<meta name=\"twitter:creator\" content=\"@HakisaTeam\" \/>\n<meta name=\"twitter:site\" content=\"@HakisaTeam\" \/>\n<meta name=\"twitter:label1\" content=\"\u00c9crit par\" \/>\n\t<meta name=\"twitter:data1\" content=\"adminfr\" \/>\n\t<meta name=\"twitter:label2\" content=\"Dur\u00e9e de lecture estim\u00e9e\" \/>\n\t<meta name=\"twitter:data2\" content=\"4 minutes\" \/>\n<script type=\"application\/ld+json\" class=\"yoast-schema-graph\">{\"@context\":\"https:\/\/schema.org\",\"@graph\":[{\"@type\":\"Article\",\"@id\":\"https:\/\/www.hakisa.com\/fr\/blog\/hakisa-collaborateurs-morgane\/#article\",\"isPartOf\":{\"@id\":\"https:\/\/www.hakisa.com\/fr\/blog\/hakisa-collaborateurs-morgane\/\"},\"author\":{\"name\":\"adminfr\",\"@id\":\"https:\/\/www.hakisa.com\/fr\/#\/schema\/person\/79fe95b177c61ced1d9d5151bfbd8f59\"},\"headline\":\"[Portrait de collaborateur] Morgane : le cam\u00e9l\u00e9on biculturel\",\"datePublished\":\"2020-01-09T08:21:09+00:00\",\"dateModified\":\"2020-01-10T08:32:05+00:00\",\"mainEntityOfPage\":{\"@id\":\"https:\/\/www.hakisa.com\/fr\/blog\/hakisa-collaborateurs-morgane\/\"},\"wordCount\":796,\"commentCount\":0,\"publisher\":{\"@id\":\"https:\/\/www.hakisa.com\/fr\/#organization\"},\"image\":{\"@id\":\"https:\/\/www.hakisa.com\/fr\/blog\/hakisa-collaborateurs-morgane\/#primaryimage\"},\"thumbnailUrl\":\"https:\/\/i0.wp.com\/www.hakisa.com\/fr\/wp-content\/uploads\/sites\/1\/2020\/01\/ezgif.com-video-to-gif-5.gif?fit=600%2C600&ssl=1\",\"keywords\":[\"A propos de Hakisa\",\"Collaborateur\",\"Equipe\",\"Hakisa\",\"Hakisa GmbH\",\"Hakiteam\",\"notre histoire\",\"portraits\"],\"articleSection\":[\"A propos de Hakisa\"],\"inLanguage\":\"fr-FR\",\"potentialAction\":[{\"@type\":\"CommentAction\",\"name\":\"Comment\",\"target\":[\"https:\/\/www.hakisa.com\/fr\/blog\/hakisa-collaborateurs-morgane\/#respond\"]}]},{\"@type\":\"WebPage\",\"@id\":\"https:\/\/www.hakisa.com\/fr\/blog\/hakisa-collaborateurs-morgane\/\",\"url\":\"https:\/\/www.hakisa.com\/fr\/blog\/hakisa-collaborateurs-morgane\/\",\"name\":\"Portrait des collaborateurs Hakisa - Morgane : le cam\u00e9l\u00e9on biculturel\",\"isPartOf\":{\"@id\":\"https:\/\/www.hakisa.com\/fr\/#website\"},\"primaryImageOfPage\":{\"@id\":\"https:\/\/www.hakisa.com\/fr\/blog\/hakisa-collaborateurs-morgane\/#primaryimage\"},\"image\":{\"@id\":\"https:\/\/www.hakisa.com\/fr\/blog\/hakisa-collaborateurs-morgane\/#primaryimage\"},\"thumbnailUrl\":\"https:\/\/i0.wp.com\/www.hakisa.com\/fr\/wp-content\/uploads\/sites\/1\/2020\/01\/ezgif.com-video-to-gif-5.gif?fit=600%2C600&ssl=1\",\"datePublished\":\"2020-01-09T08:21:09+00:00\",\"dateModified\":\"2020-01-10T08:32:05+00:00\",\"description\":\"Apr\u00e8s le portrait de Thomas, responsable R&D, c\u2019est aujourd'hui au tour de Morgane, charg\u00e9e de projets chez Hakisa GmbH de nous en dire plus sur elle.\",\"breadcrumb\":{\"@id\":\"https:\/\/www.hakisa.com\/fr\/blog\/hakisa-collaborateurs-morgane\/#breadcrumb\"},\"inLanguage\":\"fr-FR\",\"potentialAction\":[{\"@type\":\"ReadAction\",\"target\":[\"https:\/\/www.hakisa.com\/fr\/blog\/hakisa-collaborateurs-morgane\/\"]}]},{\"@type\":\"ImageObject\",\"inLanguage\":\"fr-FR\",\"@id\":\"https:\/\/www.hakisa.com\/fr\/blog\/hakisa-collaborateurs-morgane\/#primaryimage\",\"url\":\"https:\/\/i0.wp.com\/www.hakisa.com\/fr\/wp-content\/uploads\/sites\/1\/2020\/01\/ezgif.com-video-to-gif-5.gif?fit=600%2C600&ssl=1\",\"contentUrl\":\"https:\/\/i0.wp.com\/www.hakisa.com\/fr\/wp-content\/uploads\/sites\/1\/2020\/01\/ezgif.com-video-to-gif-5.gif?fit=600%2C600&ssl=1\",\"width\":600,\"height\":600,\"caption\":\"Portrait de Morgane cam\u00e9l\u00e9on biculturel chez Hakisa\"},{\"@type\":\"BreadcrumbList\",\"@id\":\"https:\/\/www.hakisa.com\/fr\/blog\/hakisa-collaborateurs-morgane\/#breadcrumb\",\"itemListElement\":[{\"@type\":\"ListItem\",\"position\":1,\"name\":\"Accueil\",\"item\":\"https:\/\/www.hakisa.com\/fr\/\"},{\"@type\":\"ListItem\",\"position\":2,\"name\":\"[Portrait de collaborateur] Morgane : le cam\u00e9l\u00e9on biculturel\"}]},{\"@type\":\"WebSite\",\"@id\":\"https:\/\/www.hakisa.com\/fr\/#website\",\"url\":\"https:\/\/www.hakisa.com\/fr\/\",\"name\":\"Cr\u00e9ez votre plateforme de services socialement responsable\",\"description\":\"\",\"publisher\":{\"@id\":\"https:\/\/www.hakisa.com\/fr\/#organization\"},\"potentialAction\":[{\"@type\":\"SearchAction\",\"target\":{\"@type\":\"EntryPoint\",\"urlTemplate\":\"https:\/\/www.hakisa.com\/fr\/?s={search_term_string}\"},\"query-input\":{\"@type\":\"PropertyValueSpecification\",\"valueRequired\":true,\"valueName\":\"search_term_string\"}}],\"inLanguage\":\"fr-FR\"},{\"@type\":\"Organization\",\"@id\":\"https:\/\/www.hakisa.com\/fr\/#organization\",\"name\":\"Hakisa\",\"url\":\"https:\/\/www.hakisa.com\/fr\/\",\"logo\":{\"@type\":\"ImageObject\",\"inLanguage\":\"fr-FR\",\"@id\":\"https:\/\/www.hakisa.com\/fr\/#\/schema\/logo\/image\/\",\"url\":\"https:\/\/i0.wp.com\/www.hakisa.com\/wp-content\/uploads\/2019\/04\/logohakisa.png?fit=385%2C95&ssl=1\",\"contentUrl\":\"https:\/\/i0.wp.com\/www.hakisa.com\/wp-content\/uploads\/2019\/04\/logohakisa.png?fit=385%2C95&ssl=1\",\"width\":385,\"height\":95,\"caption\":\"Hakisa\"},\"image\":{\"@id\":\"https:\/\/www.hakisa.com\/fr\/#\/schema\/logo\/image\/\"},\"sameAs\":[\"https:\/\/www.facebook.com\/Hakisa.fr\",\"https:\/\/x.com\/HakisaTeam\",\"https:\/\/www.linkedin.com\/company\/hakisa\",\"https:\/\/www.youtube.com\/channel\/UCMuN-43nW8_F4zFz5IQuXMg\"]},{\"@type\":\"Person\",\"@id\":\"https:\/\/www.hakisa.com\/fr\/#\/schema\/person\/79fe95b177c61ced1d9d5151bfbd8f59\",\"name\":\"adminfr\",\"image\":{\"@type\":\"ImageObject\",\"inLanguage\":\"fr-FR\",\"@id\":\"https:\/\/www.hakisa.com\/fr\/#\/schema\/person\/image\/\",\"url\":\"https:\/\/secure.gravatar.com\/avatar\/d49fbaa8664e8f2787edf461d9727f4c?s=96&d=blank&r=g\",\"contentUrl\":\"https:\/\/secure.gravatar.com\/avatar\/d49fbaa8664e8f2787edf461d9727f4c?s=96&d=blank&r=g\",\"caption\":\"adminfr\"},\"url\":\"https:\/\/www.hakisa.com\/fr\/blog\/author\/adminfr\/\"}]}<\/script>\n<!-- \/ Yoast SEO plugin. -->","yoast_head_json":{"title":"Portrait des collaborateurs Hakisa - Morgane : le cam\u00e9l\u00e9on biculturel","description":"Apr\u00e8s le portrait de Thomas, responsable R&D, c\u2019est aujourd'hui au tour de Morgane, charg\u00e9e de projets chez Hakisa GmbH de nous en dire plus sur elle.","robots":{"index":"index","follow":"follow","max-snippet":"max-snippet:-1","max-image-preview":"max-image-preview:large","max-video-preview":"max-video-preview:-1"},"canonical":"https:\/\/www.hakisa.com\/fr\/blog\/hakisa-collaborateurs-morgane\/","og_locale":"fr_FR","og_type":"article","og_title":"Portrait des collaborateurs Hakisa - Morgane : le cam\u00e9l\u00e9on biculturel","og_description":"Apr\u00e8s le portrait de Thomas, responsable R&D, c\u2019est aujourd'hui au tour de Morgane, charg\u00e9e de projets chez Hakisa GmbH de nous en dire plus sur elle.","og_url":"https:\/\/www.hakisa.com\/fr\/blog\/hakisa-collaborateurs-morgane\/","og_site_name":"Cr\u00e9ez votre plateforme de services socialement responsable","article_publisher":"https:\/\/www.facebook.com\/Hakisa.fr","article_published_time":"2020-01-09T08:21:09+00:00","article_modified_time":"2020-01-10T08:32:05+00:00","og_image":[{"width":600,"height":600,"url":"https:\/\/i0.wp.com\/www.hakisa.com\/fr\/wp-content\/uploads\/sites\/1\/2020\/01\/ezgif.com-video-to-gif-5.gif?fit=600%2C600&ssl=1","type":"image\/gif"}],"author":"adminfr","twitter_card":"summary_large_image","twitter_creator":"@HakisaTeam","twitter_site":"@HakisaTeam","twitter_misc":{"\u00c9crit par":"adminfr","Dur\u00e9e de lecture estim\u00e9e":"4 minutes"},"schema":{"@context":"https:\/\/schema.org","@graph":[{"@type":"Article","@id":"https:\/\/www.hakisa.com\/fr\/blog\/hakisa-collaborateurs-morgane\/#article","isPartOf":{"@id":"https:\/\/www.hakisa.com\/fr\/blog\/hakisa-collaborateurs-morgane\/"},"author":{"name":"adminfr","@id":"https:\/\/www.hakisa.com\/fr\/#\/schema\/person\/79fe95b177c61ced1d9d5151bfbd8f59"},"headline":"[Portrait de collaborateur] Morgane : le cam\u00e9l\u00e9on biculturel","datePublished":"2020-01-09T08:21:09+00:00","dateModified":"2020-01-10T08:32:05+00:00","mainEntityOfPage":{"@id":"https:\/\/www.hakisa.com\/fr\/blog\/hakisa-collaborateurs-morgane\/"},"wordCount":796,"commentCount":0,"publisher":{"@id":"https:\/\/www.hakisa.com\/fr\/#organization"},"image":{"@id":"https:\/\/www.hakisa.com\/fr\/blog\/hakisa-collaborateurs-morgane\/#primaryimage"},"thumbnailUrl":"https:\/\/i0.wp.com\/www.hakisa.com\/fr\/wp-content\/uploads\/sites\/1\/2020\/01\/ezgif.com-video-to-gif-5.gif?fit=600%2C600&ssl=1","keywords":["A propos de Hakisa","Collaborateur","Equipe","Hakisa","Hakisa GmbH","Hakiteam","notre histoire","portraits"],"articleSection":["A propos de Hakisa"],"inLanguage":"fr-FR","potentialAction":[{"@type":"CommentAction","name":"Comment","target":["https:\/\/www.hakisa.com\/fr\/blog\/hakisa-collaborateurs-morgane\/#respond"]}]},{"@type":"WebPage","@id":"https:\/\/www.hakisa.com\/fr\/blog\/hakisa-collaborateurs-morgane\/","url":"https:\/\/www.hakisa.com\/fr\/blog\/hakisa-collaborateurs-morgane\/","name":"Portrait des collaborateurs Hakisa - Morgane : le cam\u00e9l\u00e9on biculturel","isPartOf":{"@id":"https:\/\/www.hakisa.com\/fr\/#website"},"primaryImageOfPage":{"@id":"https:\/\/www.hakisa.com\/fr\/blog\/hakisa-collaborateurs-morgane\/#primaryimage"},"image":{"@id":"https:\/\/www.hakisa.com\/fr\/blog\/hakisa-collaborateurs-morgane\/#primaryimage"},"thumbnailUrl":"https:\/\/i0.wp.com\/www.hakisa.com\/fr\/wp-content\/uploads\/sites\/1\/2020\/01\/ezgif.com-video-to-gif-5.gif?fit=600%2C600&ssl=1","datePublished":"2020-01-09T08:21:09+00:00","dateModified":"2020-01-10T08:32:05+00:00","description":"Apr\u00e8s le portrait de Thomas, responsable R&D, c\u2019est aujourd'hui au tour de Morgane, charg\u00e9e de projets chez Hakisa GmbH de nous en dire plus sur elle.","breadcrumb":{"@id":"https:\/\/www.hakisa.com\/fr\/blog\/hakisa-collaborateurs-morgane\/#breadcrumb"},"inLanguage":"fr-FR","potentialAction":[{"@type":"ReadAction","target":["https:\/\/www.hakisa.com\/fr\/blog\/hakisa-collaborateurs-morgane\/"]}]},{"@type":"ImageObject","inLanguage":"fr-FR","@id":"https:\/\/www.hakisa.com\/fr\/blog\/hakisa-collaborateurs-morgane\/#primaryimage","url":"https:\/\/i0.wp.com\/www.hakisa.com\/fr\/wp-content\/uploads\/sites\/1\/2020\/01\/ezgif.com-video-to-gif-5.gif?fit=600%2C600&ssl=1","contentUrl":"https:\/\/i0.wp.com\/www.hakisa.com\/fr\/wp-content\/uploads\/sites\/1\/2020\/01\/ezgif.com-video-to-gif-5.gif?fit=600%2C600&ssl=1","width":600,"height":600,"caption":"Portrait de Morgane cam\u00e9l\u00e9on biculturel chez Hakisa"},{"@type":"BreadcrumbList","@id":"https:\/\/www.hakisa.com\/fr\/blog\/hakisa-collaborateurs-morgane\/#breadcrumb","itemListElement":[{"@type":"ListItem","position":1,"name":"Accueil","item":"https:\/\/www.hakisa.com\/fr\/"},{"@type":"ListItem","position":2,"name":"[Portrait de collaborateur] Morgane : le cam\u00e9l\u00e9on biculturel"}]},{"@type":"WebSite","@id":"https:\/\/www.hakisa.com\/fr\/#website","url":"https:\/\/www.hakisa.com\/fr\/","name":"Cr\u00e9ez votre plateforme de services socialement responsable","description":"","publisher":{"@id":"https:\/\/www.hakisa.com\/fr\/#organization"},"potentialAction":[{"@type":"SearchAction","target":{"@type":"EntryPoint","urlTemplate":"https:\/\/www.hakisa.com\/fr\/?s={search_term_string}"},"query-input":{"@type":"PropertyValueSpecification","valueRequired":true,"valueName":"search_term_string"}}],"inLanguage":"fr-FR"},{"@type":"Organization","@id":"https:\/\/www.hakisa.com\/fr\/#organization","name":"Hakisa","url":"https:\/\/www.hakisa.com\/fr\/","logo":{"@type":"ImageObject","inLanguage":"fr-FR","@id":"https:\/\/www.hakisa.com\/fr\/#\/schema\/logo\/image\/","url":"https:\/\/i0.wp.com\/www.hakisa.com\/wp-content\/uploads\/2019\/04\/logohakisa.png?fit=385%2C95&ssl=1","contentUrl":"https:\/\/i0.wp.com\/www.hakisa.com\/wp-content\/uploads\/2019\/04\/logohakisa.png?fit=385%2C95&ssl=1","width":385,"height":95,"caption":"Hakisa"},"image":{"@id":"https:\/\/www.hakisa.com\/fr\/#\/schema\/logo\/image\/"},"sameAs":["https:\/\/www.facebook.com\/Hakisa.fr","https:\/\/x.com\/HakisaTeam","https:\/\/www.linkedin.com\/company\/hakisa","https:\/\/www.youtube.com\/channel\/UCMuN-43nW8_F4zFz5IQuXMg"]},{"@type":"Person","@id":"https:\/\/www.hakisa.com\/fr\/#\/schema\/person\/79fe95b177c61ced1d9d5151bfbd8f59","name":"adminfr","image":{"@type":"ImageObject","inLanguage":"fr-FR","@id":"https:\/\/www.hakisa.com\/fr\/#\/schema\/person\/image\/","url":"https:\/\/secure.gravatar.com\/avatar\/d49fbaa8664e8f2787edf461d9727f4c?s=96&d=blank&r=g","contentUrl":"https:\/\/secure.gravatar.com\/avatar\/d49fbaa8664e8f2787edf461d9727f4c?s=96&d=blank&r=g","caption":"adminfr"},"url":"https:\/\/www.hakisa.com\/fr\/blog\/author\/adminfr\/"}]}},"amp_enabled":true,"_links":{"self":[{"href":"https:\/\/www.hakisa.com\/fr\/wp-json\/wp\/v2\/posts\/11348"}],"collection":[{"href":"https:\/\/www.hakisa.com\/fr\/wp-json\/wp\/v2\/posts"}],"about":[{"href":"https:\/\/www.hakisa.com\/fr\/wp-json\/wp\/v2\/types\/post"}],"author":[{"embeddable":true,"href":"https:\/\/www.hakisa.com\/fr\/wp-json\/wp\/v2\/users\/6"}],"replies":[{"embeddable":true,"href":"https:\/\/www.hakisa.com\/fr\/wp-json\/wp\/v2\/comments?post=11348"}],"version-history":[{"count":16,"href":"https:\/\/www.hakisa.com\/fr\/wp-json\/wp\/v2\/posts\/11348\/revisions"}],"predecessor-version":[{"id":11370,"href":"https:\/\/www.hakisa.com\/fr\/wp-json\/wp\/v2\/posts\/11348\/revisions\/11370"}],"wp:featuredmedia":[{"embeddable":true,"href":"https:\/\/www.hakisa.com\/fr\/wp-json\/wp\/v2\/media\/11366"}],"wp:attachment":[{"href":"https:\/\/www.hakisa.com\/fr\/wp-json\/wp\/v2\/media?parent=11348"}],"wp:term":[{"taxonomy":"category","embeddable":true,"href":"https:\/\/www.hakisa.com\/fr\/wp-json\/wp\/v2\/categories?post=11348"},{"taxonomy":"post_tag","embeddable":true,"href":"https:\/\/www.hakisa.com\/fr\/wp-json\/wp\/v2\/tags?post=11348"}],"curies":[{"name":"wp","href":"https:\/\/api.w.org\/{rel}","templated":true}]}}